{"id":976,"date":"2021-11-29T10:25:24","date_gmt":"2021-11-29T10:25:24","guid":{"rendered":"http:\/\/ktd-mindel.hr\/develop\/?p=976"},"modified":"2021-11-30T07:21:54","modified_gmt":"2021-11-30T07:21:54","slug":"obavijest-o-podjeli-kompostera","status":"publish","type":"post","link":"http:\/\/ktd-mindel.hr\/develop\/2021\/11\/29\/obavijest-o-podjeli-kompostera\/","title":{"rendered":"OBAVIJEST O PODJELI KOMPOSTERA"},"content":{"rendered":"\n<p>Op\u0107ina Lumbarda je u cilju smanjenja koli\u010dine komunalnog otpada nabavila 300 komada kompostera radi podjele krajnjim korisnicima.<\/p>\n\n\n\n<p>Nabava kompostera je sufinancirana sa 60% od strane Fonda za za\u0161titu okoli\u0161a i energetsku u\u010dinkovitost temeljem Javnog poziva za neposredno sufinanciranje nabave komunalne opreme za gospodarenje otpadom na otocima od 05.05.2021 godine.<\/p>\n\n\n\n<p>Komposteri su namjenjeni svim onim korisnicima usluge javnog prikupljanja otpada na podru\u010dju Op\u0107ine Lumbarda koji \u017eele kompostirati i za njih su besplatni.<\/p>\n\n\n\n<p>Kompostere je mogu\u0107e preuzeti svaki radni dan  (pon-pet u vremenu od 07:00-14:00 i sub u vremenu od 07:00-12:00) u recikla\u017enom dvori\u0161tu na Kokojevici, po\u010dev\u0161i od \u010detvrtka 02.12.2021 godine. <\/p>\n\n\n\n<p><a href=\"http:\/\/ktd-mindel.hr\/develop\/wp-content\/uploads\/2021\/11\/UPUTE-ZA-KOMPOSTIRANJE.pdf\" class=\"ek-link\">UPUTE ZA KOMPOSTIRANJE<\/a><\/p>\n\n\n\n<p><\/p>\n","protected":false},"excerpt":{"rendered":"<p>Op\u0107ina Lumbarda je u cilju smanjenja koli\u010dine komunalnog otpada nabavila 300 komada kompostera radi podjele krajnjim korisnicima. Nabava kompostera je sufinancirana &#8230;<\/p>\n","protected":false},"author":2,"featured_media":980,"comment_status":"closed","ping_status":"closed","sticky":false,"template":"","format":"standard","meta":{"_editorskit_title_hidden":false,"_editorskit_reading_time":1},"categories":[1],"tags":[],"_links":{"self":[{"href":"http:\/\/ktd-mindel.hr\/develop\/wp-json\/wp\/v2\/posts\/976"}],"collection":[{"href":"http:\/\/ktd-mindel.hr\/develop\/wp-json\/wp\/v2\/posts"}],"about":[{"href":"http:\/\/ktd-mindel.hr\/develop\/wp-json\/wp\/v2\/types\/post"}],"author":[{"embeddable":true,"href":"http:\/\/ktd-mindel.hr\/develop\/wp-json\/wp\/v2\/users\/2"}],"replies":[{"embeddable":true,"href":"http:\/\/ktd-mindel.hr\/develop\/wp-json\/wp\/v2\/comments?post=976"}],"version-history":[{"count":11,"href":"http:\/\/ktd-mindel.hr\/develop\/wp-json\/wp\/v2\/posts\/976\/revisions"}],"predecessor-version":[{"id":999,"href":"http:\/\/ktd-mindel.hr\/develop\/wp-json\/wp\/v2\/posts\/976\/revisions\/999"}],"wp:featuredmedia":[{"embeddable":true,"href":"http:\/\/ktd-mindel.hr\/develop\/wp-json\/wp\/v2\/media\/980"}],"wp:attachment":[{"href":"http:\/\/ktd-mindel.hr\/develop\/wp-json\/wp\/v2\/media?parent=976"}],"wp:term":[{"taxonomy":"category","embeddable":true,"href":"http:\/\/ktd-mindel.hr\/develop\/wp-json\/wp\/v2\/categories?post=976"},{"taxonomy":"post_tag","embeddable":true,"href":"http:\/\/ktd-mindel.hr\/develop\/wp-json\/wp\/v2\/tags?post=976"}],"curies":[{"name":"wp","href":"https:\/\/api.w.org\/{rel}","templated":true}]}}