{"id":317,"date":"2016-05-12T07:10:20","date_gmt":"2016-05-12T07:10:20","guid":{"rendered":"http:\/\/ktd-mindel.hr\/develop\/?p=317"},"modified":"2016-05-31T13:35:34","modified_gmt":"2016-05-31T13:35:34","slug":"prosiren-parking-na-plazi-bilin-zal","status":"publish","type":"post","link":"http:\/\/ktd-mindel.hr\/develop\/2016\/05\/12\/prosiren-parking-na-plazi-bilin-zal\/","title":{"rendered":"Pro\u0161iren parking na pla\u017ei Bilin \u017eal"},"content":{"rendered":"<p style=\"text-align: justify;\">KTD Mindel i Op\u0107ina Lumbarda su uz pomo\u0107 mje\u0161tana pro\u0161irili parkirali\u0161te na pla\u017ei Bilin \u017dal. Zahvljuju\u0107i ovom zahvatu dobiveno je \u00a020 novih parking mjesta.<\/p>\n<p>Radove u iznosu od 40.000,00 HRK \u00a0financirala je Op\u0107ina Lumbarda.<\/p>\n","protected":false},"excerpt":{"rendered":"<p>KTD Mindel i Op\u0107ina Lumbarda su uz pomo\u0107 mje\u0161tana pro\u0161irili parkirali\u0161te na pla\u017ei Bilin \u017dal. Zahvljuju\u0107i ovom zahvatu dobiveno je \u00a020 &#8230;<\/p>\n","protected":false},"author":2,"featured_media":318,"comment_status":"closed","ping_status":"closed","sticky":false,"template":"","format":"standard","meta":{"_editorskit_title_hidden":false,"_editorskit_reading_time":0},"categories":[5],"tags":[],"_links":{"self":[{"href":"http:\/\/ktd-mindel.hr\/develop\/wp-json\/wp\/v2\/posts\/317"}],"collection":[{"href":"http:\/\/ktd-mindel.hr\/develop\/wp-json\/wp\/v2\/posts"}],"about":[{"href":"http:\/\/ktd-mindel.hr\/develop\/wp-json\/wp\/v2\/types\/post"}],"author":[{"embeddable":true,"href":"http:\/\/ktd-mindel.hr\/develop\/wp-json\/wp\/v2\/users\/2"}],"replies":[{"embeddable":true,"href":"http:\/\/ktd-mindel.hr\/develop\/wp-json\/wp\/v2\/comments?post=317"}],"version-history":[{"count":6,"href":"http:\/\/ktd-mindel.hr\/develop\/wp-json\/wp\/v2\/posts\/317\/revisions"}],"predecessor-version":[{"id":340,"href":"http:\/\/ktd-mindel.hr\/develop\/wp-json\/wp\/v2\/posts\/317\/revisions\/340"}],"wp:featuredmedia":[{"embeddable":true,"href":"http:\/\/ktd-mindel.hr\/develop\/wp-json\/wp\/v2\/media\/318"}],"wp:attachment":[{"href":"http:\/\/ktd-mindel.hr\/develop\/wp-json\/wp\/v2\/media?parent=317"}],"wp:term":[{"taxonomy":"category","embeddable":true,"href":"http:\/\/ktd-mindel.hr\/develop\/wp-json\/wp\/v2\/categories?post=317"},{"taxonomy":"post_tag","embeddable":true,"href":"http:\/\/ktd-mindel.hr\/develop\/wp-json\/wp\/v2\/tags?post=317"}],"curies":[{"name":"wp","href":"https:\/\/api.w.org\/{rel}","templated":true}]}}